{"id":45,"date":"2006-12-14T22:22:16","date_gmt":"2006-12-15T02:22:16","guid":{"rendered":"http:\/\/comunicaciones.udd.cl\/mediatica\/2006\/12\/14\/mediatica-asesora-a-24-horas\/"},"modified":"2006-12-14T22:22:16","modified_gmt":"2006-12-15T02:22:16","slug":"mediatica-asesora-a-24-horas","status":"publish","type":"post","link":"https:\/\/comunicaciones.udd.cl\/mediatica\/noticias\/2006\/12\/14\/mediatica-asesora-a-24-horas\/","title":{"rendered":"Medi\u00e1tica asesora a 24 Horas"},"content":{"rendered":"<p><img loading=\"lazy\" decoding=\"async\" class=\"alignleft size-full wp-image-44\" title=\"Foto2\" src=\"http:\/\/comunicaciones.udd.cl\/mediatica\/files\/2010\/04\/Foto23.jpg\" alt=\"\" width=\"240\" height=\"180\" srcset=\"https:\/\/comunicaciones.udd.cl\/mediatica\/files\/2010\/04\/Foto23.jpg 240w, https:\/\/comunicaciones.udd.cl\/mediatica\/files\/2010\/04\/Foto23-93x70.jpg 93w\" sizes=\"auto, (max-width: 240px) 100vw, 240px\" \/>La Direcci\u00f3n de Prensa de Televisi\u00f3n Nacional de Chile y el Centro de Investigaci\u00f3n Medi\u00e1tica de la Facultad de Comunicaciones de la Universidad del Desarrollo, suscribieron un convenio de asesor\u00eda destinado a orientar la generaci\u00f3n de contenidos y pauta informativa de los noticiarios de TVN, sobre la base de la indagaci\u00f3n sistem\u00e1tica de tendencias sociales relevantes y el an\u00e1lisis de su impacto en la agenda cotidiana de las audiencias.<\/p>\n<p>El desaf\u00edo para Medi\u00e1tica es aportar, de manera sistem\u00e1tica, insumos de apoyo a la toma de decisiones de la Direcci\u00f3n de Prensa, en funci\u00f3n de proveer miradas y enfoques innovadores para la labor informativa. Se busca colaborar, desde la perspectiva de la indagaci\u00f3n de tendencias sociales, para que la contraparte genere una pauta: <strong>diferenciadora<\/strong>, en un escenario medial donde tiende a predominar la <em>commoditizaci\u00f3n<\/em> de los contenidos; que resulte <strong>atractiva<\/strong> para p\u00fablicos l\u00edderes de opini\u00f3n y generadores y <strong>con capacidad de acogida<\/strong> de las demandas e intereses ciudadanos.<\/p>\n<p>Este convenio se suma a una serie de iniciativas de indagaci\u00f3n y asesor\u00eda desarrolladas por <strong>Medi\u00e1tica<\/strong> para TVN, en el \u00faltimo tiempo; que tienen como sello com\u00fan la traducci\u00f3n de los hallazgos de indagaci\u00f3n en insumos orientaciones para la labor de los equipos de trabajo de distintas \u00e1reas del canal.<\/p>\n<p>Este convenio entre una universidad y un departamento de prensa de un canal de televisi\u00f3n es una iniciativa in\u00e9dita en nuestro pa\u00eds.<\/p>\n","protected":false},"excerpt":{"rendered":"<p>La Direcci\u00f3n de Prensa de Televisi\u00f3n Nacional de Chile y el Centro de Investigaci\u00f3n Medi\u00e1tica de la Facultad de Comunicaciones de la Universidad del Desarrollo, suscribieron un convenio de asesor\u00eda destinado a orientar la generaci\u00f3n de contenidos y pauta informativa de los noticiarios de TVN.<\/p>\n","protected":false},"author":1,"featured_media":0,"comment_status":"open","ping_status":"open","sticky":false,"template":"","format":"standard","meta":{"footnotes":""},"categories":[4],"tags":[],"class_list":["post-45","post","type-post","status-publish","format-standard","hentry","category-noticias"],"featured_image_url":null,"_links":{"self":[{"href":"https:\/\/comunicaciones.udd.cl\/mediatica\/wp-json\/wp\/v2\/posts\/45","targetHints":{"allow":["GET"]}}],"collection":[{"href":"https:\/\/comunicaciones.udd.cl\/mediatica\/wp-json\/wp\/v2\/posts"}],"about":[{"href":"https:\/\/comunicaciones.udd.cl\/mediatica\/wp-json\/wp\/v2\/types\/post"}],"author":[{"embeddable":true,"href":"https:\/\/comunicaciones.udd.cl\/mediatica\/wp-json\/wp\/v2\/users\/1"}],"replies":[{"embeddable":true,"href":"https:\/\/comunicaciones.udd.cl\/mediatica\/wp-json\/wp\/v2\/comments?post=45"}],"version-history":[{"count":0,"href":"https:\/\/comunicaciones.udd.cl\/mediatica\/wp-json\/wp\/v2\/posts\/45\/revisions"}],"wp:attachment":[{"href":"https:\/\/comunicaciones.udd.cl\/mediatica\/wp-json\/wp\/v2\/media?parent=45"}],"wp:term":[{"taxonomy":"category","embeddable":true,"href":"https:\/\/comunicaciones.udd.cl\/mediatica\/wp-json\/wp\/v2\/categories?post=45"},{"taxonomy":"post_tag","embeddable":true,"href":"https:\/\/comunicaciones.udd.cl\/mediatica\/wp-json\/wp\/v2\/tags?post=45"}],"curies":[{"name":"wp","href":"https:\/\/api.w.org\/{rel}","templated":true}]}}