{"id":38,"date":"2008-06-06T22:16:24","date_gmt":"2008-06-07T02:16:24","guid":{"rendered":"http:\/\/comunicaciones.udd.cl\/mediatica\/2010\/04\/22\/seminario-%e2%80%9clos-desconocidos-de-siempre%e2%80%9d-en-la-udd\/"},"modified":"2010-06-11T10:49:49","modified_gmt":"2010-06-11T14:49:49","slug":"seminario-%e2%80%9clos-desconocidos-de-siempre%e2%80%9d-en-la-udd","status":"publish","type":"post","link":"https:\/\/comunicaciones.udd.cl\/mediatica\/noticias\/2008\/06\/06\/seminario-%e2%80%9clos-desconocidos-de-siempre%e2%80%9d-en-la-udd\/","title":{"rendered":"Seminario \u201cLos Desconocidos de Siempre\u201d en la UDD"},"content":{"rendered":"<p><a href=\"http:\/\/comunicaciones.udd.cl\/mediatica\/files\/2010\/04\/Foto2.jpg\"><img loading=\"lazy\" decoding=\"async\" class=\"alignleft size-full wp-image-37\" title=\"Foto2\" src=\"http:\/\/comunicaciones.udd.cl\/mediatica\/files\/2010\/04\/Foto2.jpg\" alt=\"\" width=\"240\" height=\"180\" srcset=\"https:\/\/comunicaciones.udd.cl\/mediatica\/files\/2010\/04\/Foto2.jpg 240w, https:\/\/comunicaciones.udd.cl\/mediatica\/files\/2010\/04\/Foto2-93x70.jpg 93w\" sizes=\"auto, (max-width: 240px) 100vw, 240px\" \/><\/a>Existe en la actualidad una gran masa de la poblaci\u00f3n que aparentemente pasa desapercibida frente a los medios. O m\u00e1s bien es desconocida o ignorada por los editores, pol\u00edticos y publicistas. Con esa premisa inicial, el destacado investigador de Medi\u00e1tica, y socio de subjetiva, Sergio Espa\u00f1a, expuso \u201cLos Desconocidos de siempre: consumidores, audiencias y ciudadanos ignorados en la comunicaci\u00f3n p\u00fablica y privada\u201d en este seminario organizado por la Facultad de Comunicaciones de la Universidad del Desarrollo el martes 27 de mayo.<\/p>\n<p>A juicio del especialista, hay varias razones por las cuales estos grupos no son considerados, como es la falta de inter\u00e9s, la ignorancia, comodidad o ahorro. Como ejemplo se\u00f1al\u00f3 el caso de las audiencias j\u00f3venes que permanentemente son ignorados en la pol\u00edtica, y al rev\u00e9s, \u201ca ellos tambi\u00e9n les da lo mismo quien gobierne. En este caso existe una falta de inter\u00e9s por un determinado grupo\u201d.<\/p>\n<p>La ignorancia es otra de las razones por las cuales no se reconoce a determinadas audiencias. All\u00ed es donde est\u00e1 el verdadero desaf\u00edo, de c\u00f3mo buscar a esos \u2018desconocidos\u2019, explic\u00f3 Espa\u00f1a. \u201cPara encontrar a esos p\u00fablicos debemos ir m\u00e1s all\u00e1 del dato y las t\u00e9cnicas, mirando en 360 grados, derribando mitos y no acomod\u00e1ndose a las modas.<\/p>\n<p>Posteriormente, un interesante panel de discusi\u00f3n integrado por Nicol\u00e1s Copano, productor multimedial y experto en generaci\u00f3n de contenidos digitales para audiencias juveniles; Vicente Valjalo, Gerente General Millward Brown e Investigador de Cadem; y Sergio Gamboa, socio fundador y Director Creativo Estrat\u00e9gico de la Agencia 180 Grados, y Director de la Escuela de Publicidad de la UDD, abord\u00f3 el tema de las nuevas tecnolog\u00edas y su influencia, y los nuevos grupos.<\/p>\n<p><strong>Los hijos de la democracia<\/strong><\/p>\n<p>Con este t\u00edtulo, Nicol\u00e1s Copano defini\u00f3 las nuevas generaciones que conforman algunos de estos sectores desconocidos. \u201cTienen entre 21 y 5 a\u00f1os, poseen un 99% de conectividad a trav\u00e9s Cybercaf\u00e9s y colegios, crecieron con Internet, viven en segmentaci\u00f3n, y eligen lo que quieren. Si no tienen lo que quieren, lo desarrollan a trav\u00e9s de Blogs, fotologs y otros. Viven la cultura de elegir y son la primera generaci\u00f3n que va a poder \u201cser lo que quiera\u201d. Por \u00faltimo, ser\u00e1n los testadores de la televisi\u00f3n digital\u201d, se\u00f1ala enf\u00e1tico.<\/p>\n","protected":false},"excerpt":{"rendered":"<p>Reflexionar y comprender las claves para reconocer las distintas audiencias, fue el tema central del seminario \u201cLos Desconocidos de Siempre\u00bb<\/p>\n","protected":false},"author":1,"featured_media":0,"comment_status":"open","ping_status":"open","sticky":false,"template":"","format":"standard","meta":{"footnotes":""},"categories":[4,8],"tags":[],"class_list":["post-38","post","type-post","status-publish","format-standard","hentry","category-noticias","category-trabajos-y-publicaciones"],"featured_image_url":null,"_links":{"self":[{"href":"https:\/\/comunicaciones.udd.cl\/mediatica\/wp-json\/wp\/v2\/posts\/38","targetHints":{"allow":["GET"]}}],"collection":[{"href":"https:\/\/comunicaciones.udd.cl\/mediatica\/wp-json\/wp\/v2\/posts"}],"about":[{"href":"https:\/\/comunicaciones.udd.cl\/mediatica\/wp-json\/wp\/v2\/types\/post"}],"author":[{"embeddable":true,"href":"https:\/\/comunicaciones.udd.cl\/mediatica\/wp-json\/wp\/v2\/users\/1"}],"replies":[{"embeddable":true,"href":"https:\/\/comunicaciones.udd.cl\/mediatica\/wp-json\/wp\/v2\/comments?post=38"}],"version-history":[{"count":2,"href":"https:\/\/comunicaciones.udd.cl\/mediatica\/wp-json\/wp\/v2\/posts\/38\/revisions"}],"predecessor-version":[{"id":99,"href":"https:\/\/comunicaciones.udd.cl\/mediatica\/wp-json\/wp\/v2\/posts\/38\/revisions\/99"}],"wp:attachment":[{"href":"https:\/\/comunicaciones.udd.cl\/mediatica\/wp-json\/wp\/v2\/media?parent=38"}],"wp:term":[{"taxonomy":"category","embeddable":true,"href":"https:\/\/comunicaciones.udd.cl\/mediatica\/wp-json\/wp\/v2\/categories?post=38"},{"taxonomy":"post_tag","embeddable":true,"href":"https:\/\/comunicaciones.udd.cl\/mediatica\/wp-json\/wp\/v2\/tags?post=38"}],"curies":[{"name":"wp","href":"https:\/\/api.w.org\/{rel}","templated":true}]}}